{"id":15376,"date":"2022-07-04T08:25:53","date_gmt":"2022-07-04T08:25:53","guid":{"rendered":"https:\/\/www.hf-baden-baden.de\/?p=15376"},"modified":"2022-07-04T08:25:53","modified_gmt":"2022-07-04T08:25:53","slug":"einladung-zum-sommerfest-2","status":"publish","type":"post","link":"https:\/\/www.hf-baden-baden.de\/?p=15376","title":{"rendered":"Einladung zum Sommerfest"},"content":{"rendered":"\n<p>Am 23.07.2022 findet unser Sommerfest auf dem Hundeplatz statt. Beginn ist 16:00 Uhr.<br><br>Wir laden euch ein zu Spiel, Spa\u00df (f\u00fcr Mensch und Hund), Unterhaltung und zum gegenseitigen Kennenlernen. Au\u00dferdem hatte unser Verein im letzten Jahr 20-j\u00e4hriges Jubil\u00e4um, und wir wollen dieses Jahr 20+1 feiern.<br><br>Wir werden ein B\u00fcffet machen und bitten euch, eine Kleinigkeit dazu beizutragen. Antialkoholische Getr\u00e4nke stellen wir kostenlos bereit.<br><br>Bitte meldet euch bei Euren Trainern an, damit wir entsprechend planen k\u00f6nnen.<\/p>\n\n\n\n<p>Wir freuen uns auf einen sch\u00f6nen Nachmittag mit euch und euren Hunden.<\/p>\n","protected":false},"excerpt":{"rendered":"<p>Am 23.07.2022 findet unser Sommerfest auf dem Hundeplatz statt. Beginn ist 16:00 Uhr. Wir laden euch ein zu Spiel, Spa\u00df (f\u00fcr Mensch und Hund), Unterhaltung und zum gegenseitigen Kennenlernen. Au\u00dferdem&#8230; <a class=\"read-more-link\" href=\"https:\/\/www.hf-baden-baden.de\/?p=15376\">Read more &raquo;<\/a><\/p>\n","protected":false},"author":1,"featured_media":0,"comment_status":"closed","ping_status":"open","sticky":false,"template":"","format":"standard","meta":{"ngg_post_thumbnail":0,"footnotes":""},"categories":[1],"tags":[],"class_list":["post-15376","post","type-post","status-publish","format-standard","hentry","category-allgemein"],"_links":{"self":[{"href":"https:\/\/www.hf-baden-baden.de\/index.php?rest_route=\/wp\/v2\/posts\/15376","targetHints":{"allow":["GET"]}}],"collection":[{"href":"https:\/\/www.hf-baden-baden.de\/index.php?rest_route=\/wp\/v2\/posts"}],"about":[{"href":"https:\/\/www.hf-baden-baden.de\/index.php?rest_route=\/wp\/v2\/types\/post"}],"author":[{"embeddable":true,"href":"https:\/\/www.hf-baden-baden.de\/index.php?rest_route=\/wp\/v2\/users\/1"}],"replies":[{"embeddable":true,"href":"https:\/\/www.hf-baden-baden.de\/index.php?rest_route=%2Fwp%2Fv2%2Fcomments&post=15376"}],"version-history":[{"count":1,"href":"https:\/\/www.hf-baden-baden.de\/index.php?rest_route=\/wp\/v2\/posts\/15376\/revisions"}],"predecessor-version":[{"id":15377,"href":"https:\/\/www.hf-baden-baden.de\/index.php?rest_route=\/wp\/v2\/posts\/15376\/revisions\/15377"}],"wp:attachment":[{"href":"https:\/\/www.hf-baden-baden.de\/index.php?rest_route=%2Fwp%2Fv2%2Fmedia&parent=15376"}],"wp:term":[{"taxonomy":"category","embeddable":true,"href":"https:\/\/www.hf-baden-baden.de\/index.php?rest_route=%2Fwp%2Fv2%2Fcategories&post=15376"},{"taxonomy":"post_tag","embeddable":true,"href":"https:\/\/www.hf-baden-baden.de\/index.php?rest_route=%2Fwp%2Fv2%2Ftags&post=15376"}],"curies":[{"name":"wp","href":"https:\/\/api.w.org\/{rel}","templated":true}]}}