{"id":15759,"date":"2026-04-26T20:03:00","date_gmt":"2026-04-26T20:03:00","guid":{"rendered":"https:\/\/www.hf-baden-baden.de\/?p=15759"},"modified":"2026-04-27T12:03:59","modified_gmt":"2026-04-27T12:03:59","slug":"bh-der-hf-baden-baden","status":"publish","type":"post","link":"https:\/\/www.hf-baden-baden.de\/?p=15759","title":{"rendered":"BH der HF Baden-Baden"},"content":{"rendered":"\n<p>Bei bestem Wetter am 26.04.2026 begr\u00fc\u00dfte unser 2. Vorstand Oliver Schliesser die Teilnehmer der Begleithundepr\u00fcfung sowie die Leistungsrichterin Petra Zepke.<br>5 Teams haben die Pr\u00fcfung bestanden:<br>Luca mit Cini<br>Franziska mit Crazy<br>Elke mit Vinny<br>Nadine mit Enzo<br>Ramona mit Harry (ahk Rastatt)<br>Pr\u00fcfungsleiterin Bettina Knabe bedankt sich am Ende f\u00fcr den gelungenen Pr\u00fcfungstag.<\/p>\n\n\n\n<figure class=\"wp-block-image size-large\"><img loading=\"lazy\" decoding=\"async\" width=\"1024\" height=\"768\" src=\"https:\/\/www.hf-baden-baden.de\/wordpress\/wp-content\/uploads\/2026\/04\/img_1162-1024x768.jpg\" class=\"wp-image-15749\" srcset=\"https:\/\/www.hf-baden-baden.de\/wordpress\/wp-content\/uploads\/2026\/04\/img_1162-1024x768.jpg 1024w, https:\/\/www.hf-baden-baden.de\/wordpress\/wp-content\/uploads\/2026\/04\/img_1162-450x338.jpg 450w, https:\/\/www.hf-baden-baden.de\/wordpress\/wp-content\/uploads\/2026\/04\/img_1162-768x576.jpg 768w, https:\/\/www.hf-baden-baden.de\/wordpress\/wp-content\/uploads\/2026\/04\/img_1162-1536x1152.jpg 1536w, https:\/\/www.hf-baden-baden.de\/wordpress\/wp-content\/uploads\/2026\/04\/img_1162-576x432.jpg 576w, https:\/\/www.hf-baden-baden.de\/wordpress\/wp-content\/uploads\/2026\/04\/img_1162.jpg 2000w\" sizes=\"auto, (max-width: 1024px) 100vw, 1024px\" \/><\/figure>\n\n\n\n<figure class=\"wp-block-gallery has-nested-images columns-default is-cropped wp-block-gallery-1 is-layout-flex wp-block-gallery-is-layout-flex\">\n<figure class=\"wp-block-image\"><img loading=\"lazy\" decoding=\"async\" width=\"768\" height=\"1024\" data-id=\"15750\" src=\"https:\/\/www.hf-baden-baden.de\/wordpress\/wp-content\/uploads\/2026\/04\/img_1168-768x1024.jpg\" alt=\"\" class=\"wp-image-15750\" srcset=\"https:\/\/www.hf-baden-baden.de\/wordpress\/wp-content\/uploads\/2026\/04\/img_1168-768x1024.jpg 768w, https:\/\/www.hf-baden-baden.de\/wordpress\/wp-content\/uploads\/2026\/04\/img_1168-338x450.jpg 338w, https:\/\/www.hf-baden-baden.de\/wordpress\/wp-content\/uploads\/2026\/04\/img_1168-1152x1536.jpg 1152w, https:\/\/www.hf-baden-baden.de\/wordpress\/wp-content\/uploads\/2026\/04\/img_1168.jpg 1500w\" sizes=\"auto, (max-width: 768px) 100vw, 768px\" \/><\/figure>\n\n\n\n<figure class=\"wp-block-image\"><img loading=\"lazy\" decoding=\"async\" width=\"768\" height=\"1024\" data-id=\"15751\" src=\"https:\/\/www.hf-baden-baden.de\/wordpress\/wp-content\/uploads\/2026\/04\/img_1164-768x1024.jpg\" alt=\"\" class=\"wp-image-15751\" srcset=\"https:\/\/www.hf-baden-baden.de\/wordpress\/wp-content\/uploads\/2026\/04\/img_1164-768x1024.jpg 768w, https:\/\/www.hf-baden-baden.de\/wordpress\/wp-content\/uploads\/2026\/04\/img_1164-338x450.jpg 338w, https:\/\/www.hf-baden-baden.de\/wordpress\/wp-content\/uploads\/2026\/04\/img_1164-1152x1536.jpg 1152w, https:\/\/www.hf-baden-baden.de\/wordpress\/wp-content\/uploads\/2026\/04\/img_1164.jpg 1500w\" sizes=\"auto, (max-width: 768px) 100vw, 768px\" \/><\/figure>\n\n\n\n<figure class=\"wp-block-image\"><img loading=\"lazy\" decoding=\"async\" width=\"768\" height=\"1024\" data-id=\"15752\" src=\"https:\/\/www.hf-baden-baden.de\/wordpress\/wp-content\/uploads\/2026\/04\/img_1163-768x1024.jpg\" alt=\"\" class=\"wp-image-15752\" srcset=\"https:\/\/www.hf-baden-baden.de\/wordpress\/wp-content\/uploads\/2026\/04\/img_1163-768x1024.jpg 768w, https:\/\/www.hf-baden-baden.de\/wordpress\/wp-content\/uploads\/2026\/04\/img_1163-338x450.jpg 338w, https:\/\/www.hf-baden-baden.de\/wordpress\/wp-content\/uploads\/2026\/04\/img_1163-1152x1536.jpg 1152w, https:\/\/www.hf-baden-baden.de\/wordpress\/wp-content\/uploads\/2026\/04\/img_1163.jpg 1500w\" sizes=\"auto, (max-width: 768px) 100vw, 768px\" \/><\/figure>\n\n\n\n<figure class=\"wp-block-image\"><img loading=\"lazy\" decoding=\"async\" width=\"768\" height=\"1024\" data-id=\"15758\" src=\"https:\/\/www.hf-baden-baden.de\/wordpress\/wp-content\/uploads\/2026\/04\/b8de51ed-d710-4c33-ae53-511c76c79f00-768x1024.jpg\" alt=\"\" class=\"wp-image-15758\" srcset=\"https:\/\/www.hf-baden-baden.de\/wordpress\/wp-content\/uploads\/2026\/04\/b8de51ed-d710-4c33-ae53-511c76c79f00-768x1024.jpg 768w, https:\/\/www.hf-baden-baden.de\/wordpress\/wp-content\/uploads\/2026\/04\/b8de51ed-d710-4c33-ae53-511c76c79f00-338x450.jpg 338w, https:\/\/www.hf-baden-baden.de\/wordpress\/wp-content\/uploads\/2026\/04\/b8de51ed-d710-4c33-ae53-511c76c79f00-1152x1536.jpg 1152w, https:\/\/www.hf-baden-baden.de\/wordpress\/wp-content\/uploads\/2026\/04\/b8de51ed-d710-4c33-ae53-511c76c79f00.jpg 1500w\" sizes=\"auto, (max-width: 768px) 100vw, 768px\" \/><\/figure>\n\n\n\n<figure class=\"wp-block-image\"><img loading=\"lazy\" decoding=\"async\" width=\"768\" height=\"1024\" data-id=\"15753\" src=\"https:\/\/www.hf-baden-baden.de\/wordpress\/wp-content\/uploads\/2026\/04\/img_1170-768x1024.jpg\" alt=\"\" class=\"wp-image-15753\" srcset=\"https:\/\/www.hf-baden-baden.de\/wordpress\/wp-content\/uploads\/2026\/04\/img_1170-768x1024.jpg 768w, https:\/\/www.hf-baden-baden.de\/wordpress\/wp-content\/uploads\/2026\/04\/img_1170-338x450.jpg 338w, https:\/\/www.hf-baden-baden.de\/wordpress\/wp-content\/uploads\/2026\/04\/img_1170-1152x1536.jpg 1152w, https:\/\/www.hf-baden-baden.de\/wordpress\/wp-content\/uploads\/2026\/04\/img_1170.jpg 1500w\" sizes=\"auto, (max-width: 768px) 100vw, 768px\" \/><\/figure>\n\n\n\n<figure class=\"wp-block-image\"><img loading=\"lazy\" decoding=\"async\" width=\"701\" height=\"1024\" data-id=\"15754\" src=\"https:\/\/www.hf-baden-baden.de\/wordpress\/wp-content\/uploads\/2026\/04\/img_1169-701x1024.jpg\" alt=\"\" class=\"wp-image-15754\" srcset=\"https:\/\/www.hf-baden-baden.de\/wordpress\/wp-content\/uploads\/2026\/04\/img_1169-701x1024.jpg 701w, https:\/\/www.hf-baden-baden.de\/wordpress\/wp-content\/uploads\/2026\/04\/img_1169-308x450.jpg 308w, https:\/\/www.hf-baden-baden.de\/wordpress\/wp-content\/uploads\/2026\/04\/img_1169-768x1122.jpg 768w, https:\/\/www.hf-baden-baden.de\/wordpress\/wp-content\/uploads\/2026\/04\/img_1169-1051x1536.jpg 1051w, https:\/\/www.hf-baden-baden.de\/wordpress\/wp-content\/uploads\/2026\/04\/img_1169.jpg 1369w\" sizes=\"auto, (max-width: 701px) 100vw, 701px\" \/><\/figure>\n\n\n\n<figure class=\"wp-block-image\"><img loading=\"lazy\" decoding=\"async\" width=\"768\" height=\"1024\" data-id=\"15756\" src=\"https:\/\/www.hf-baden-baden.de\/wordpress\/wp-content\/uploads\/2026\/04\/img_1167-768x1024.jpg\" alt=\"\" class=\"wp-image-15756\" srcset=\"https:\/\/www.hf-baden-baden.de\/wordpress\/wp-content\/uploads\/2026\/04\/img_1167-768x1024.jpg 768w, https:\/\/www.hf-baden-baden.de\/wordpress\/wp-content\/uploads\/2026\/04\/img_1167-338x450.jpg 338w, https:\/\/www.hf-baden-baden.de\/wordpress\/wp-content\/uploads\/2026\/04\/img_1167-1152x1536.jpg 1152w, https:\/\/www.hf-baden-baden.de\/wordpress\/wp-content\/uploads\/2026\/04\/img_1167.jpg 1500w\" sizes=\"auto, (max-width: 768px) 100vw, 768px\" \/><\/figure>\n\n\n\n<figure class=\"wp-block-image\"><img loading=\"lazy\" decoding=\"async\" width=\"933\" height=\"1024\" data-id=\"15755\" src=\"https:\/\/www.hf-baden-baden.de\/wordpress\/wp-content\/uploads\/2026\/04\/img_1166-933x1024.jpg\" alt=\"\" class=\"wp-image-15755\" srcset=\"https:\/\/www.hf-baden-baden.de\/wordpress\/wp-content\/uploads\/2026\/04\/img_1166-933x1024.jpg 933w, https:\/\/www.hf-baden-baden.de\/wordpress\/wp-content\/uploads\/2026\/04\/img_1166-410x450.jpg 410w, https:\/\/www.hf-baden-baden.de\/wordpress\/wp-content\/uploads\/2026\/04\/img_1166-768x843.jpg 768w, https:\/\/www.hf-baden-baden.de\/wordpress\/wp-content\/uploads\/2026\/04\/img_1166-1399x1536.jpg 1399w, https:\/\/www.hf-baden-baden.de\/wordpress\/wp-content\/uploads\/2026\/04\/img_1166.jpg 1822w\" sizes=\"auto, (max-width: 933px) 100vw, 933px\" \/><\/figure>\n\n\n\n<figure class=\"wp-block-image\"><img loading=\"lazy\" decoding=\"async\" width=\"768\" height=\"1024\" data-id=\"15757\" src=\"https:\/\/www.hf-baden-baden.de\/wordpress\/wp-content\/uploads\/2026\/04\/img_1165-768x1024.jpg\" alt=\"\" class=\"wp-image-15757\" srcset=\"https:\/\/www.hf-baden-baden.de\/wordpress\/wp-content\/uploads\/2026\/04\/img_1165-768x1024.jpg 768w, https:\/\/www.hf-baden-baden.de\/wordpress\/wp-content\/uploads\/2026\/04\/img_1165-338x450.jpg 338w, https:\/\/www.hf-baden-baden.de\/wordpress\/wp-content\/uploads\/2026\/04\/img_1165-1152x1536.jpg 1152w, https:\/\/www.hf-baden-baden.de\/wordpress\/wp-content\/uploads\/2026\/04\/img_1165.jpg 1500w\" sizes=\"auto, (max-width: 768px) 100vw, 768px\" \/><\/figure>\n<\/figure>\n","protected":false},"excerpt":{"rendered":"<p>Bei bestem Wetter am 26.04.2026 begr\u00fc\u00dfte unser 2. Vorstand Oliver Schliesser die Teilnehmer der Begleithundepr\u00fcfung sowie die Leistungsrichterin Petra Zepke.5 Teams haben die Pr\u00fcfung bestanden:Luca mit CiniFranziska mit CrazyElke mit&#8230; <a class=\"read-more-link\" href=\"https:\/\/www.hf-baden-baden.de\/?p=15759\">Read more &raquo;<\/a><\/p>\n","protected":false},"author":1,"featured_media":0,"comment_status":"closed","ping_status":"open","sticky":false,"template":"","format":"standard","meta":{"ngg_post_thumbnail":0,"footnotes":""},"categories":[4,3],"tags":[],"class_list":["post-15759","post","type-post","status-publish","format-standard","hentry","category-bh-prufungen","category-erfolge"],"_links":{"self":[{"href":"https:\/\/www.hf-baden-baden.de\/index.php?rest_route=\/wp\/v2\/posts\/15759","targetHints":{"allow":["GET"]}}],"collection":[{"href":"https:\/\/www.hf-baden-baden.de\/index.php?rest_route=\/wp\/v2\/posts"}],"about":[{"href":"https:\/\/www.hf-baden-baden.de\/index.php?rest_route=\/wp\/v2\/types\/post"}],"author":[{"embeddable":true,"href":"https:\/\/www.hf-baden-baden.de\/index.php?rest_route=\/wp\/v2\/users\/1"}],"replies":[{"embeddable":true,"href":"https:\/\/www.hf-baden-baden.de\/index.php?rest_route=%2Fwp%2Fv2%2Fcomments&post=15759"}],"version-history":[{"count":1,"href":"https:\/\/www.hf-baden-baden.de\/index.php?rest_route=\/wp\/v2\/posts\/15759\/revisions"}],"predecessor-version":[{"id":15760,"href":"https:\/\/www.hf-baden-baden.de\/index.php?rest_route=\/wp\/v2\/posts\/15759\/revisions\/15760"}],"wp:attachment":[{"href":"https:\/\/www.hf-baden-baden.de\/index.php?rest_route=%2Fwp%2Fv2%2Fmedia&parent=15759"}],"wp:term":[{"taxonomy":"category","embeddable":true,"href":"https:\/\/www.hf-baden-baden.de\/index.php?rest_route=%2Fwp%2Fv2%2Fcategories&post=15759"},{"taxonomy":"post_tag","embeddable":true,"href":"https:\/\/www.hf-baden-baden.de\/index.php?rest_route=%2Fwp%2Fv2%2Ftags&post=15759"}],"curies":[{"name":"wp","href":"https:\/\/api.w.org\/{rel}","templated":true}]}}