{"id":2212,"date":"2019-02-12T11:37:51","date_gmt":"2019-02-12T11:37:51","guid":{"rendered":"http:\/\/www.hf-baden-baden.de\/?p=2212"},"modified":"2019-02-12T11:37:51","modified_gmt":"2019-02-12T11:37:51","slug":"einladung-zur-jahreshauptversammlung","status":"publish","type":"post","link":"https:\/\/www.hf-baden-baden.de\/?p=2212","title":{"rendered":"Einladung zur Jahreshauptversammlung"},"content":{"rendered":"<p>Am Samstag, den 16. M\u00e4rz 2019 findet um 18:30 Uhr im Rantastic unsere ordentliche Jahreshauptversammlung statt.<br \/>\nDie Einladungen wurden bereits an alle Mitglieder versandt.<\/p>\n<p>F\u00fcr die turnusm\u00e4\u00dfigen Neuwahlen des Vorstandes hoffen wir viele Mitglieder begr\u00fc\u00dfen zu d\u00fcrfen und freuen uns \u00fcber Eure Teilnahme.<\/p>\n","protected":false},"excerpt":{"rendered":"<p>Am Samstag, den 16. M\u00e4rz 2019 findet um 18:30 Uhr im Rantastic unsere ordentliche Jahreshauptversammlung statt. Die Einladungen wurden bereits an alle Mitglieder versandt. F\u00fcr die turnusm\u00e4\u00dfigen Neuwahlen des Vorstandes&#8230; <a class=\"read-more-link\" href=\"https:\/\/www.hf-baden-baden.de\/?p=2212\">Read more &raquo;<\/a><\/p>\n","protected":false},"author":1,"featured_media":0,"comment_status":"closed","ping_status":"open","sticky":false,"template":"","format":"standard","meta":{"ngg_post_thumbnail":0,"footnotes":""},"categories":[10],"tags":[],"class_list":["post-2212","post","type-post","status-publish","format-standard","hentry","category-aktuelle-infos"],"_links":{"self":[{"href":"https:\/\/www.hf-baden-baden.de\/index.php?rest_route=\/wp\/v2\/posts\/2212","targetHints":{"allow":["GET"]}}],"collection":[{"href":"https:\/\/www.hf-baden-baden.de\/index.php?rest_route=\/wp\/v2\/posts"}],"about":[{"href":"https:\/\/www.hf-baden-baden.de\/index.php?rest_route=\/wp\/v2\/types\/post"}],"author":[{"embeddable":true,"href":"https:\/\/www.hf-baden-baden.de\/index.php?rest_route=\/wp\/v2\/users\/1"}],"replies":[{"embeddable":true,"href":"https:\/\/www.hf-baden-baden.de\/index.php?rest_route=%2Fwp%2Fv2%2Fcomments&post=2212"}],"version-history":[{"count":1,"href":"https:\/\/www.hf-baden-baden.de\/index.php?rest_route=\/wp\/v2\/posts\/2212\/revisions"}],"predecessor-version":[{"id":2213,"href":"https:\/\/www.hf-baden-baden.de\/index.php?rest_route=\/wp\/v2\/posts\/2212\/revisions\/2213"}],"wp:attachment":[{"href":"https:\/\/www.hf-baden-baden.de\/index.php?rest_route=%2Fwp%2Fv2%2Fmedia&parent=2212"}],"wp:term":[{"taxonomy":"category","embeddable":true,"href":"https:\/\/www.hf-baden-baden.de\/index.php?rest_route=%2Fwp%2Fv2%2Fcategories&post=2212"},{"taxonomy":"post_tag","embeddable":true,"href":"https:\/\/www.hf-baden-baden.de\/index.php?rest_route=%2Fwp%2Fv2%2Ftags&post=2212"}],"curies":[{"name":"wp","href":"https:\/\/api.w.org\/{rel}","templated":true}]}}